{"id":717,"date":"2022-09-20T13:26:05","date_gmt":"2022-09-20T13:26:05","guid":{"rendered":"https:\/\/edsoncavalcante.com.br\/recente\/?p=717"},"modified":"2022-09-20T18:16:49","modified_gmt":"2022-09-20T18:16:49","slug":"foto-cidade-de-sao-paulo-predios-edificio-martinelli","status":"publish","type":"post","link":"https:\/\/edsoncavalcante.com.br\/recente\/2022\/09\/20\/foto-cidade-de-sao-paulo-predios-edificio-martinelli\/","title":{"rendered":"Foto &#8211; Cidade de S\u00e3o Paulo &#8211; Pr\u00e9dios &#8211; Edif\u00edcio Martinelli"},"content":{"rendered":"\n<figure class=\"wp-block-image size-large\"><img loading=\"lazy\" width=\"1024\" height=\"461\" src=\"https:\/\/edsoncavalcante.com.br\/recente\/wp-content\/uploads\/2022\/09\/Predios-Centro-SP-Martinelli-br-1024x461.jpg\" alt=\"\" class=\"wp-image-718\" srcset=\"https:\/\/edsoncavalcante.com.br\/recente\/wp-content\/uploads\/2022\/09\/Predios-Centro-SP-Martinelli-br-1024x461.jpg 1024w, https:\/\/edsoncavalcante.com.br\/recente\/wp-content\/uploads\/2022\/09\/Predios-Centro-SP-Martinelli-br-300x135.jpg 300w, https:\/\/edsoncavalcante.com.br\/recente\/wp-content\/uploads\/2022\/09\/Predios-Centro-SP-Martinelli-br-768x346.jpg 768w, https:\/\/edsoncavalcante.com.br\/recente\/wp-content\/uploads\/2022\/09\/Predios-Centro-SP-Martinelli-br-1536x691.jpg 1536w, https:\/\/edsoncavalcante.com.br\/recente\/wp-content\/uploads\/2022\/09\/Predios-Centro-SP-Martinelli-br.jpg 2000w\" sizes=\"(max-width: 1024px) 100vw, 1024px\" \/><figcaption>No destaque da  Foto o Edificio Martinelli  -O primeiro arranha-c\u00e9u da cidade de S\u00e3o Paulo<\/figcaption><\/figure>\n\n\n\n<p>Em 1889&nbsp;um imigrante Italiano desembarcava no Porto do Rio de Janeiro \u2013 seu objetivo era o mesmo de tantos outros que chegavam a Am\u00e9rica:&nbsp;Prosperar! Esse imigrante, chamado&nbsp;Giuseppe Martinelli, foi excepcionalmente bem-sucedido e em pouco mais de duas d\u00e9cadas havia constru\u00eddo um respeit\u00e1vel patrim\u00f4nio.<\/p>\n\n\n\n<p>Desejoso por deixar um legado mais permanente de seu trabalho, al\u00e9m de sua importante empresa de navega\u00e7\u00e3o em Santos, o&nbsp;Comendador Martinelli&nbsp;decide erguer na cidade S\u00e3o Paulo o mais alto arranha-c\u00e9u da Am\u00e9rica Latina, o&nbsp;Edif\u00edcio Martinelli.<\/p>\n\n\n\n<p>A&nbsp;obra prometia uma enorme pol\u00eamica, pois em S\u00e3o Paulo at\u00e9 ent\u00e3o n\u00e3o possu\u00eda nenhum edif\u00edcio de grande estatura, sendo raros os pr\u00e9dios com mais de 5 andares. Planejado para alcan\u00e7ar a barreira dos 100 metros de altura, em uma estrutura n\u00e3o apenas alta como significativamente larga, o Edif\u00edcio Martinelli marcaria uma transi\u00e7\u00e3o para a era dos arranha-c\u00e9us. Passou por momentos dif\u00edceis na d\u00e9cada de 1960 at\u00e9 1975, foi quando Olavo Set\u00fabal tornou-se prefeito de S\u00e3o Paulo, o pr\u00e9dio foi recuperado e voltou a ser um orgulho para a cidade.<\/p>\n\n\n\n<p>Leia mais sobre em:  <a rel=\"noreferrer noopener\" href=\"http:\/\/www.prediomartinelli.com.br\/historia\/\" target=\"_blank\">http:\/\/www.prediomartinelli.com.br\/historia\/<\/a><\/p>\n\n\n\n<p>Sites para encontrar fotos gratuitas  e pagas !  E tamb\u00e9m vender suas fotos na internet:<\/p>\n\n\n\n<p>1 \u2013 ShutterStock \u2013 \u00e9 uma das maiores comunidade de fotografia \u2013 <a href=\"https:\/\/submit.shutterstock.com\/?ref=280877184\" target=\"_blank\" rel=\"noreferrer noopener\">https:\/\/submit.shutterstock.com\/?ref=280877184<\/a><\/p>\n\n\n\n<p>2 \u2013 Dreamstime \u2013 Uma das maiores comunidade de fotografia de stock do mundo 144 milh\u00f5es fotos de stock \u2013 <a href=\"https:\/\/www.dreamstime.com\/#res32858036\" target=\"_blank\" rel=\"noreferrer noopener\">https:\/\/www.dreamstime.com\/#res32858036<\/a><\/p>\n\n\n\n<p>3 \u2013 Can Stock Photo \u2013 \u00e9 uma das maiores e mais antigas ag\u00eancias de fotografia \u201cmicrostock\u201d. .\u2013 <a rel=\"noreferrer noopener\" href=\"https:\/\/www.canstockphoto.com\/?r=1653162\" target=\"_blank\">https:\/\/www.canstockphoto.com\/?r=1653162<\/a><\/p>\n\n\n\n<p><\/p>\n","protected":false},"excerpt":{"rendered":"<p>Em 1889&nbsp;um imigrante Italiano desembarcava no Porto do Rio de Janeiro \u2013 seu objetivo era o mesmo de tantos outros que chegavam a Am\u00e9rica:&nbsp;Prosperar! Esse imigrante, chamado&nbsp;Giuseppe Martinelli, foi excepcionalmente bem-sucedido e em pouco mais de duas d\u00e9cadas havia constru\u00eddo &hellip; <a href=\"https:\/\/edsoncavalcante.com.br\/recente\/2022\/09\/20\/foto-cidade-de-sao-paulo-predios-edificio-martinelli\/\">Continue lendo <span class=\"meta-nav\">&rarr;<\/span><\/a><\/p>\n","protected":false},"author":1,"featured_media":0,"comment_status":"open","ping_status":"open","sticky":false,"template":"","format":"standard","meta":[],"categories":[723,2],"tags":[726,724,725,727,120],"_links":{"self":[{"href":"https:\/\/edsoncavalcante.com.br\/recente\/wp-json\/wp\/v2\/posts\/717"}],"collection":[{"href":"https:\/\/edsoncavalcante.com.br\/recente\/wp-json\/wp\/v2\/posts"}],"about":[{"href":"https:\/\/edsoncavalcante.com.br\/recente\/wp-json\/wp\/v2\/types\/post"}],"author":[{"embeddable":true,"href":"https:\/\/edsoncavalcante.com.br\/recente\/wp-json\/wp\/v2\/users\/1"}],"replies":[{"embeddable":true,"href":"https:\/\/edsoncavalcante.com.br\/recente\/wp-json\/wp\/v2\/comments?post=717"}],"version-history":[{"count":2,"href":"https:\/\/edsoncavalcante.com.br\/recente\/wp-json\/wp\/v2\/posts\/717\/revisions"}],"predecessor-version":[{"id":720,"href":"https:\/\/edsoncavalcante.com.br\/recente\/wp-json\/wp\/v2\/posts\/717\/revisions\/720"}],"wp:attachment":[{"href":"https:\/\/edsoncavalcante.com.br\/recente\/wp-json\/wp\/v2\/media?parent=717"}],"wp:term":[{"taxonomy":"category","embeddable":true,"href":"https:\/\/edsoncavalcante.com.br\/recente\/wp-json\/wp\/v2\/categories?post=717"},{"taxonomy":"post_tag","embeddable":true,"href":"https:\/\/edsoncavalcante.com.br\/recente\/wp-json\/wp\/v2\/tags?post=717"}],"curies":[{"name":"wp","href":"https:\/\/api.w.org\/{rel}","templated":true}]}}